{"id":1740,"date":"2018-05-11T10:06:26","date_gmt":"2018-05-11T09:06:26","guid":{"rendered":"http:\/\/www.oewg.org\/?p=1740"},"modified":"2018-05-11T11:47:47","modified_gmt":"2018-05-11T10:47:47","slug":"9-mai-tag-des-sieges-in-wien","status":"publish","type":"post","link":"http:\/\/www.oewg.org\/?p=1740","title":{"rendered":"9. Mai &#8220;Tag des Sieges&#8221; in Wien"},"content":{"rendered":"<div id=\"attachment_1741\" style=\"width: 1395px\" class=\"wp-caption alignleft\"><a href=\"http:\/\/www.oewg.org\/wp-content\/uploads\/\u00d6WG-beim-Denkmal.jpg\"><img loading=\"lazy\" decoding=\"async\" aria-describedby=\"caption-attachment-1741\" class=\"size-full wp-image-1741\" src=\"http:\/\/www.oewg.org\/wp-content\/uploads\/\u00d6WG-beim-Denkmal.jpg\" alt=\"\" width=\"1385\" height=\"924\" srcset=\"http:\/\/www.oewg.org\/wp-content\/uploads\/\u00d6WG-beim-Denkmal.jpg 1385w, http:\/\/www.oewg.org\/wp-content\/uploads\/\u00d6WG-beim-Denkmal-300x200.jpg 300w, http:\/\/www.oewg.org\/wp-content\/uploads\/\u00d6WG-beim-Denkmal-768x512.jpg 768w, http:\/\/www.oewg.org\/wp-content\/uploads\/\u00d6WG-beim-Denkmal-1024x683.jpg 1024w\" sizes=\"auto, (max-width: 1385px) 100vw, 1385px\" \/><\/a><p id=\"caption-attachment-1741\" class=\"wp-caption-text\">Die Delegation der \u00d6WG mit Peter Bachmaier, David Stockinger, Charlotte Rombach, Thomas Kopalek, Veteranin Sinaida u. a. am Denkmal der sowjetischen Armee<\/p><\/div>\n<p><strong>Tag des Sieges am 9. Mai 2018 in Wien<\/strong><\/p>\n<p>&nbsp;<\/p>\n<p>Der Vorstand und Mitglieder der \u00d6WG beteiligten sich am 9. Mai 2018 wieder, wie in den vergangenen Jahren, gemeinsam mit den Botschaftern der Russischen F\u00f6deration, von Belarus und der anderen ex-sowjetischen L\u00e4nder. an der Kranzniederlegung am Denkmal der sowjetischen Armee aus Anlass des Sieges im Gro\u00dfen Vaterl\u00e4ndischen Krieg. Wir sind der Meinung, dass dieser Gedenktag heute seine Bedeutung f\u00fcr die \u201eBefreiung und Unabh\u00e4ngigkeit der V\u00f6lker Europas\u201c hat (wie es in der Inschrift auf dem Denkmal hei\u00dft, die von dem bedeutenden Dichter Sergej Michalkow, dem Sch\u00f6pfer der sowjetischen und der russischen Hymne, stammt).<\/p>\n<p>In Russland wurde die traditionelle \u201eSiegesparade\u201c nach dem Zerfall der Sowjetunion abgeschafft. Im Jahr 2005 wurde sie mit einem ver\u00e4nderten Inhalt und einer neuen Ausrichtung wieder aufgenommen. Der Tag wird in Russland und Belarus wie in den anderen L\u00e4ndern heute nicht als der Sieg einer Ideologie oder als Sieg \u00fcber ein anderes Volk sondern als ein Tag der nationalen Befreiung vom Hitlerfaschismus und Unabh\u00e4ngigkeit mit russischen Fahnen und dem schwarz-orangen St. Georgsband begangen, das an den Befreiungskampf gegen Napoleon und an das Band des Garde-Ordens der Roten Armee w\u00e4hrend des 2. Weltkriegs erinnert. Am 9. Mai 2018 sagte Putin in seiner Rede auf dem Roten Platz: \u201eUnser Volk hat mit beispiellosem Mut die Ehre und Unabh\u00e4ngigkeit des Vaterlands verteidigt.\u201c Die Delegation der \u00d6WG wurde auch zum traditionellen Empfang in die Botschaft der Russischen F\u00f6deration eingeladen, bei dem es kulinarische K\u00f6stlichkeiten aus vielen ehemaligen Sowjetrepubliken gab. Wir nutzten auch die M\u00f6glichkeit f\u00fcr interessante Gespr\u00e4che mit dem russischen Botschafter und der belarussischen Botschafterin.<\/p>\n<p>Am Abend des 9. Mai nahmen etwa 1000 Personen (300 mehr als voriges Jahr) am \u201eMarsch des Unsterblichen Regiments\u201c am Schwarzenbergplatz teil, bei dem die Menschen mit Portr\u00e4ts und Fahnen ihrer V\u00e4ter, Gro\u00dfv\u00e4ter und Verwandten, die im Gro\u00dfen Vaterl\u00e4ndischen Krieg gek\u00e4mpft hatten, gedachten. Die \u00d6WG schloss sich ihrem verdienten Mitglied Charlotte Rombach an, die ein Portr\u00e4t ihres Vaters Heribert H\u00fctter mit sich trug, der Soldat in der sowjetischen Armee war. In Moskau beteiligten sich zur gleichen Zeit etwa 1 Million Menschen mit Wladimir Putin an der Spitze am Marsch des Unsterblichen Regiments.<\/p>\n<div id=\"attachment_1748\" style=\"width: 650px\" class=\"wp-caption alignleft\"><a href=\"http:\/\/www.oewg.org\/wp-content\/uploads\/20180509_134703.jpg\"><img loading=\"lazy\" decoding=\"async\" aria-describedby=\"caption-attachment-1748\" class=\"wp-image-1748 size-full\" src=\"http:\/\/www.oewg.org\/wp-content\/uploads\/20180509_134703.jpg\" alt=\"\" width=\"640\" height=\"360\" srcset=\"http:\/\/www.oewg.org\/wp-content\/uploads\/20180509_134703.jpg 640w, http:\/\/www.oewg.org\/wp-content\/uploads\/20180509_134703-300x169.jpg 300w\" sizes=\"auto, (max-width: 640px) 100vw, 640px\" \/><\/a><p id=\"caption-attachment-1748\" class=\"wp-caption-text\">Beim Empfang in der Russischen Botschaft mit der belarussischen Botschaftern Elena Kupchina und Botschaftsrat Andrei Yaroshkin<\/p><\/div>\n<div id=\"attachment_1746\" style=\"width: 538px\" class=\"wp-caption alignleft\"><a href=\"http:\/\/www.oewg.org\/wp-content\/uploads\/32077036_10216495033390954_5843611277485670400_n.jpg\"><img loading=\"lazy\" decoding=\"async\" aria-describedby=\"caption-attachment-1746\" class=\"wp-image-1746 size-full\" src=\"http:\/\/www.oewg.org\/wp-content\/uploads\/32077036_10216495033390954_5843611277485670400_n.jpg\" alt=\"\" width=\"528\" height=\"960\" srcset=\"http:\/\/www.oewg.org\/wp-content\/uploads\/32077036_10216495033390954_5843611277485670400_n.jpg 528w, http:\/\/www.oewg.org\/wp-content\/uploads\/32077036_10216495033390954_5843611277485670400_n-165x300.jpg 165w\" sizes=\"auto, (max-width: 528px) 100vw, 528px\" \/><\/a><p id=\"caption-attachment-1746\" class=\"wp-caption-text\">Der Veteran Vladimir Raspolichin kommandierte das &#8220;Unsterbliche Regiment&#8221;<\/p><\/div>\n<div id=\"attachment_1745\" style=\"width: 970px\" class=\"wp-caption alignleft\"><a href=\"http:\/\/www.oewg.org\/wp-content\/uploads\/32212800_10216495031910917_7560642149050482688_n.jpg\"><img loading=\"lazy\" decoding=\"async\" aria-describedby=\"caption-attachment-1745\" class=\"wp-image-1745 size-full\" src=\"http:\/\/www.oewg.org\/wp-content\/uploads\/32212800_10216495031910917_7560642149050482688_n.jpg\" alt=\"\" width=\"960\" height=\"540\" srcset=\"http:\/\/www.oewg.org\/wp-content\/uploads\/32212800_10216495031910917_7560642149050482688_n.jpg 960w, http:\/\/www.oewg.org\/wp-content\/uploads\/32212800_10216495031910917_7560642149050482688_n-300x169.jpg 300w, http:\/\/www.oewg.org\/wp-content\/uploads\/32212800_10216495031910917_7560642149050482688_n-768x432.jpg 768w\" sizes=\"auto, (max-width: 960px) 100vw, 960px\" \/><\/a><p id=\"caption-attachment-1745\" class=\"wp-caption-text\">\u00dcber 1000 Leute nahmen heuer teil.<\/p><\/div>\n<div id=\"attachment_1743\" style=\"width: 1395px\" class=\"wp-caption alignleft\"><a href=\"http:\/\/www.oewg.org\/wp-content\/uploads\/Unsterbliches-Regiment2.jpg\"><img loading=\"lazy\" decoding=\"async\" aria-describedby=\"caption-attachment-1743\" class=\"wp-image-1743 size-full\" src=\"http:\/\/www.oewg.org\/wp-content\/uploads\/Unsterbliches-Regiment2.jpg\" alt=\"\" width=\"1385\" height=\"924\" srcset=\"http:\/\/www.oewg.org\/wp-content\/uploads\/Unsterbliches-Regiment2.jpg 1385w, http:\/\/www.oewg.org\/wp-content\/uploads\/Unsterbliches-Regiment2-300x200.jpg 300w, http:\/\/www.oewg.org\/wp-content\/uploads\/Unsterbliches-Regiment2-768x512.jpg 768w, http:\/\/www.oewg.org\/wp-content\/uploads\/Unsterbliches-Regiment2-1024x683.jpg 1024w\" sizes=\"auto, (max-width: 1385px) 100vw, 1385px\" \/><\/a><p id=\"caption-attachment-1743\" class=\"wp-caption-text\">Der Botschafter Russlands, Dmitri Ljubinski, mit Charlotte Rombach, beim Marsch des Unsterblichen Regiments<\/p><\/div>\n<div id=\"attachment_1742\" style=\"width: 1395px\" class=\"wp-caption alignleft\"><a href=\"http:\/\/www.oewg.org\/wp-content\/uploads\/Unsterbliches-Regiment1.jpg\"><img loading=\"lazy\" decoding=\"async\" aria-describedby=\"caption-attachment-1742\" class=\"wp-image-1742 size-full\" src=\"http:\/\/www.oewg.org\/wp-content\/uploads\/Unsterbliches-Regiment1.jpg\" alt=\"\" width=\"1385\" height=\"854\" srcset=\"http:\/\/www.oewg.org\/wp-content\/uploads\/Unsterbliches-Regiment1.jpg 1385w, http:\/\/www.oewg.org\/wp-content\/uploads\/Unsterbliches-Regiment1-300x185.jpg 300w, http:\/\/www.oewg.org\/wp-content\/uploads\/Unsterbliches-Regiment1-768x474.jpg 768w, http:\/\/www.oewg.org\/wp-content\/uploads\/Unsterbliches-Regiment1-1024x631.jpg 1024w\" sizes=\"auto, (max-width: 1385px) 100vw, 1385px\" \/><\/a><p id=\"caption-attachment-1742\" class=\"wp-caption-text\">Charlotte Rombach mit dem Portr\u00e4t ihres Vaters Heribert H\u00fctter, Soldat der Roten Armee, und Thomas L\u00f6sch mit Fahne<\/p><\/div>\n<p><a href=\"http:\/\/www.oewg.org\/wp-content\/uploads\/32168965_10216495031070896_2815746139389689856_n.jpg\"><img loading=\"lazy\" decoding=\"async\" class=\"alignleft size-full wp-image-1744\" src=\"http:\/\/www.oewg.org\/wp-content\/uploads\/32168965_10216495031070896_2815746139389689856_n.jpg\" alt=\"\" width=\"960\" height=\"540\" srcset=\"http:\/\/www.oewg.org\/wp-content\/uploads\/32168965_10216495031070896_2815746139389689856_n.jpg 960w, http:\/\/www.oewg.org\/wp-content\/uploads\/32168965_10216495031070896_2815746139389689856_n-300x169.jpg 300w, http:\/\/www.oewg.org\/wp-content\/uploads\/32168965_10216495031070896_2815746139389689856_n-768x432.jpg 768w\" sizes=\"auto, (max-width: 960px) 100vw, 960px\" \/><\/a><\/p>\n<p>&nbsp;<\/p>\n<p>&nbsp;<\/p>\n<p>&nbsp;<\/p>\n<p>&nbsp;<\/p>\n<p>&nbsp;<\/p>\n<p>&nbsp;<\/p>\n<p>&nbsp;<\/p>\n<p>&nbsp;<\/p>\n<p>&nbsp;<\/p>\n<p>&nbsp;<\/p>\n<p>&nbsp;<\/p>\n<p>&nbsp;<\/p>\n<p>&nbsp;<\/p>\n<p>&nbsp;<\/p>\n<p>&nbsp;<\/p>\n<p>&nbsp;<\/p>\n<p>&nbsp;<\/p>\n<p>&nbsp;<\/p>\n<p>&nbsp;<\/p>\n<p>&nbsp;<\/p>\n<p>&nbsp;<\/p>\n<p>&nbsp;<\/p>\n<p>&nbsp;<\/p>\n<p>&nbsp;<\/p>\n<p>&nbsp;<\/p>\n<p>&nbsp;<\/p>\n<p>&nbsp;<\/p>\n<p>&nbsp;<\/p>\n<p>&nbsp;<\/p>\n<p>&nbsp;<\/p>\n<p>&nbsp;<\/p>\n<p>&nbsp;<\/p>\n<p>&nbsp;<\/p>\n<p>&nbsp;<\/p>\n<p>&nbsp;<\/p>\n<p>&nbsp;<\/p>\n<p>&nbsp;<\/p>\n<p>&nbsp;<\/p>\n<p>&nbsp;<\/p>\n<p>&nbsp;<\/p>\n<p>&nbsp;<\/p>\n<p>&nbsp;<\/p>\n<p>&nbsp;<\/p>\n<p>&nbsp;<\/p>\n<p>&nbsp;<\/p>\n<p>&nbsp;<\/p>\n<p>&nbsp;<\/p>\n<p>&nbsp;<\/p>\n<p>&nbsp;<\/p>\n<p>&nbsp;<\/p>\n<p>&nbsp;<\/p>\n<p>&nbsp;<\/p>\n<p>&nbsp;<\/p>\n<p>&nbsp;<\/p>\n<p>&nbsp;<\/p>\n<p>&nbsp;<\/p>\n<p>&nbsp;<\/p>\n<p>&nbsp;<\/p>\n<p>&nbsp;<\/p>\n<p>&nbsp;<\/p>\n<p>&nbsp;<\/p>\n<p>&nbsp;<\/p>\n<p>&nbsp;<\/p>\n<p>&nbsp;<\/p>\n<p>&nbsp;<\/p>\n","protected":false},"excerpt":{"rendered":"<p>Tag des Sieges am 9. Mai 2018 in Wien &nbsp; Der Vorstand und Mitglieder der \u00d6WG beteiligten sich am 9. Mai 2018 wieder, wie in den vergangenen Jahren, gemeinsam mit den Botschaftern der Russischen F\u00f6deration, von Belarus und der anderen &hellip; <a href=\"http:\/\/www.oewg.org\/?p=1740\">Weiterlesen <span class=\"meta-nav\">&rarr;<\/span><\/a><\/p>\n","protected":false},"author":1,"featured_media":0,"comment_status":"closed","ping_status":"open","sticky":false,"template":"","format":"standard","meta":{"ngg_post_thumbnail":0,"footnotes":""},"categories":[20,9],"tags":[],"class_list":["post-1740","post","type-post","status-publish","format-standard","hentry","category-aktuelles","category-geschichte"],"_links":{"self":[{"href":"http:\/\/www.oewg.org\/index.php?rest_route=\/wp\/v2\/posts\/1740","targetHints":{"allow":["GET"]}}],"collection":[{"href":"http:\/\/www.oewg.org\/index.php?rest_route=\/wp\/v2\/posts"}],"about":[{"href":"http:\/\/www.oewg.org\/index.php?rest_route=\/wp\/v2\/types\/post"}],"author":[{"embeddable":true,"href":"http:\/\/www.oewg.org\/index.php?rest_route=\/wp\/v2\/users\/1"}],"replies":[{"embeddable":true,"href":"http:\/\/www.oewg.org\/index.php?rest_route=%2Fwp%2Fv2%2Fcomments&post=1740"}],"version-history":[{"count":7,"href":"http:\/\/www.oewg.org\/index.php?rest_route=\/wp\/v2\/posts\/1740\/revisions"}],"predecessor-version":[{"id":1754,"href":"http:\/\/www.oewg.org\/index.php?rest_route=\/wp\/v2\/posts\/1740\/revisions\/1754"}],"wp:attachment":[{"href":"http:\/\/www.oewg.org\/index.php?rest_route=%2Fwp%2Fv2%2Fmedia&parent=1740"}],"wp:term":[{"taxonomy":"category","embeddable":true,"href":"http:\/\/www.oewg.org\/index.php?rest_route=%2Fwp%2Fv2%2Fcategories&post=1740"},{"taxonomy":"post_tag","embeddable":true,"href":"http:\/\/www.oewg.org\/index.php?rest_route=%2Fwp%2Fv2%2Ftags&post=1740"}],"curies":[{"name":"wp","href":"https:\/\/api.w.org\/{rel}","templated":true}]}}