{"id":2263,"date":"2024-03-06T09:14:15","date_gmt":"2024-03-06T08:14:15","guid":{"rendered":"https:\/\/www.oewg.org\/?p=2263"},"modified":"2024-03-06T09:14:15","modified_gmt":"2024-03-06T08:14:15","slug":"gedenken-im-kz-mauthausen","status":"publish","type":"post","link":"https:\/\/www.oewg.org\/?p=2263","title":{"rendered":"Gedenken im KZ Mauthausen"},"content":{"rendered":"\n<p>Auf Einladung des KZ Verbandes Ober\u00f6sterreich\/Verband der Antifaschisten nahmen Vertreterinnen und Vertreter der Gesellschaft beim Gedenken an Dimitrij Michailowitsch Karbyschew\u00a0im ehemaligen Konzentrationslager Mauthausen teil. <\/p>\n\n\n\n<p>Zu Beginn des deutsch-faschistischen \u00dcberfalls auf die Sowjetunion im Juni 1941 diente Generalleutnant Karbyschew im belarussischen Grodno und wurde kurz darauf von den Deutschen schwer verwundet gefangen genommen. Die Deutschen erkannten die F\u00e4higkeiten Karbyschews und versuchten ihn mit Verlockungen und Versprechungen zum Verrat zu verleiten. Doch Karbyschew blieb standhaft, er ermutigte seine Mitgefangenen, war Teil der illegalen internationalen Widerstandsorganisationen. Sein Leidensweg endete nach dreieinhalb Jahren, nach Stationen wie Flossenb\u00fcrg, Maydanek, Auschwitz, Sachsenhausen in Mauthausen. Generalleutnant Karbyschew musste bei strengem Frost splitternackt hinter der W\u00e4schebaracke stehen und wurde mit eiskaltem Wasser \u00fcbergossen, bis er zur Eiss\u00e4ule erstarrte. Er starb mit 65 Jahren. <\/p>\n\n\n\n<p>Karbyschew bleibt ein Symbol f\u00fcr den Widerstand gegen den Nazi-Terror. Kr\u00e4nze wurden bei seinem Mahnmal und an der Klagemauer niedergelegt. <\/p>\n\n\n\n<figure class=\"wp-block-image size-large is-resized\"><a href=\"http:\/\/www.oewg.org\/wp-content\/uploads\/IMG-20240218-WA0007.jpg\"><img loading=\"lazy\" decoding=\"async\" width=\"768\" height=\"1024\" src=\"http:\/\/www.oewg.org\/wp-content\/uploads\/IMG-20240218-WA0007-768x1024.jpg\" alt=\"\" class=\"wp-image-2264\" style=\"width:840px;height:auto\" srcset=\"https:\/\/www.oewg.org\/wp-content\/uploads\/IMG-20240218-WA0007-768x1024.jpg 768w, https:\/\/www.oewg.org\/wp-content\/uploads\/IMG-20240218-WA0007-225x300.jpg 225w, https:\/\/www.oewg.org\/wp-content\/uploads\/IMG-20240218-WA0007-1152x1536.jpg 1152w, https:\/\/www.oewg.org\/wp-content\/uploads\/IMG-20240218-WA0007.jpg 1500w\" sizes=\"auto, (max-width: 768px) 100vw, 768px\" \/><\/a><\/figure>\n\n\n\n<figure class=\"wp-block-image size-large\"><a href=\"http:\/\/www.oewg.org\/wp-content\/uploads\/IMG-20240218-WA0012.jpg\"><img loading=\"lazy\" decoding=\"async\" width=\"1024\" height=\"768\" src=\"http:\/\/www.oewg.org\/wp-content\/uploads\/IMG-20240218-WA0012-1024x768.jpg\" alt=\"\" class=\"wp-image-2265\" srcset=\"https:\/\/www.oewg.org\/wp-content\/uploads\/IMG-20240218-WA0012-1024x768.jpg 1024w, https:\/\/www.oewg.org\/wp-content\/uploads\/IMG-20240218-WA0012-300x225.jpg 300w, https:\/\/www.oewg.org\/wp-content\/uploads\/IMG-20240218-WA0012-768x576.jpg 768w, https:\/\/www.oewg.org\/wp-content\/uploads\/IMG-20240218-WA0012-1536x1152.jpg 1536w, https:\/\/www.oewg.org\/wp-content\/uploads\/IMG-20240218-WA0012.jpg 2000w\" sizes=\"auto, (max-width: 1024px) 100vw, 1024px\" \/><\/a><\/figure>\n\n\n\n<figure class=\"wp-block-image size-large\"><a href=\"http:\/\/www.oewg.org\/wp-content\/uploads\/IMG-20240218-WA0041.jpg\"><img loading=\"lazy\" decoding=\"async\" width=\"768\" height=\"1024\" src=\"http:\/\/www.oewg.org\/wp-content\/uploads\/IMG-20240218-WA0041-768x1024.jpg\" alt=\"\" class=\"wp-image-2266\" srcset=\"https:\/\/www.oewg.org\/wp-content\/uploads\/IMG-20240218-WA0041-768x1024.jpg 768w, https:\/\/www.oewg.org\/wp-content\/uploads\/IMG-20240218-WA0041-225x300.jpg 225w, https:\/\/www.oewg.org\/wp-content\/uploads\/IMG-20240218-WA0041-1152x1536.jpg 1152w, https:\/\/www.oewg.org\/wp-content\/uploads\/IMG-20240218-WA0041.jpg 1200w\" sizes=\"auto, (max-width: 768px) 100vw, 768px\" \/><\/a><\/figure>\n","protected":false},"excerpt":{"rendered":"<p>Auf Einladung des KZ Verbandes Ober\u00f6sterreich\/Verband der Antifaschisten nahmen Vertreterinnen und Vertreter der Gesellschaft beim Gedenken an Dimitrij Michailowitsch Karbyschew\u00a0im ehemaligen Konzentrationslager Mauthausen teil. Zu Beginn des deutsch-faschistischen \u00dcberfalls auf die Sowjetunion im Juni 1941 diente Generalleutnant Karbyschew im belarussischen &hellip; <a href=\"https:\/\/www.oewg.org\/?p=2263\">Weiterlesen <span class=\"meta-nav\">&rarr;<\/span><\/a><\/p>\n","protected":false},"author":1,"featured_media":0,"comment_status":"closed","ping_status":"open","sticky":false,"template":"","format":"standard","meta":{"ngg_post_thumbnail":0,"footnotes":""},"categories":[1],"tags":[],"class_list":["post-2263","post","type-post","status-publish","format-standard","hentry","category-uber-uns"],"_links":{"self":[{"href":"https:\/\/www.oewg.org\/index.php?rest_route=\/wp\/v2\/posts\/2263","targetHints":{"allow":["GET"]}}],"collection":[{"href":"https:\/\/www.oewg.org\/index.php?rest_route=\/wp\/v2\/posts"}],"about":[{"href":"https:\/\/www.oewg.org\/index.php?rest_route=\/wp\/v2\/types\/post"}],"author":[{"embeddable":true,"href":"https:\/\/www.oewg.org\/index.php?rest_route=\/wp\/v2\/users\/1"}],"replies":[{"embeddable":true,"href":"https:\/\/www.oewg.org\/index.php?rest_route=%2Fwp%2Fv2%2Fcomments&post=2263"}],"version-history":[{"count":1,"href":"https:\/\/www.oewg.org\/index.php?rest_route=\/wp\/v2\/posts\/2263\/revisions"}],"predecessor-version":[{"id":2267,"href":"https:\/\/www.oewg.org\/index.php?rest_route=\/wp\/v2\/posts\/2263\/revisions\/2267"}],"wp:attachment":[{"href":"https:\/\/www.oewg.org\/index.php?rest_route=%2Fwp%2Fv2%2Fmedia&parent=2263"}],"wp:term":[{"taxonomy":"category","embeddable":true,"href":"https:\/\/www.oewg.org\/index.php?rest_route=%2Fwp%2Fv2%2Fcategories&post=2263"},{"taxonomy":"post_tag","embeddable":true,"href":"https:\/\/www.oewg.org\/index.php?rest_route=%2Fwp%2Fv2%2Ftags&post=2263"}],"curies":[{"name":"wp","href":"https:\/\/api.w.org\/{rel}","templated":true}]}}